{"id":3463,"date":"2023-07-29T11:44:19","date_gmt":"2023-07-29T09:44:19","guid":{"rendered":"https:\/\/casa-amendoeira.com\/?p=3463"},"modified":"2023-07-29T11:44:22","modified_gmt":"2023-07-29T09:44:22","slug":"utforska-lagos-genom-dess-livfulla-graffiti-och-gatukonst","status":"publish","type":"post","link":"https:\/\/casa-amendoeira.com\/sv\/exploring-lagos-through-its-vibrant-graffiti-and-street-art\/","title":{"rendered":"Utforska Lagos genom dess livfulla graffiti och gatukonst"},"content":{"rendered":"<p>Om du planerar ett bes\u00f6k i den historiska staden Lagos i Portugal ska du vara beredd p\u00e5 att bli f\u00e4ngslad av mer \u00e4n bara de vackra str\u00e4nderna och den charmiga gamla stan. Lagos \u00e4r en stad som b\u00e4r sin konst p\u00e5 \u00e4rmen, eller mer exakt, p\u00e5 sina v\u00e4ggar. Stadens livliga graffiti- och gatukonstscene \u00e4r ett m\u00e5ste f\u00f6r alla bes\u00f6kare och ger en unik och f\u00e4rgstark inblick i den lokala kulturen.<\/p>\n\n\n\n<p>N\u00e4r du promenerar p\u00e5 gatorna i Lagos kommer du att st\u00f6ta p\u00e5 ett vidstr\u00e4ckt utomhusgalleri med fantastiska v\u00e4ggm\u00e5lningar och invecklade m\u00f6nster. Detta \u00e4r till stor del tack vare konstn\u00e4rerna som \u00e4r anslutna till Laborat\u00f3rio de Actividades Criativas (LAC), en lokal ideell kulturf\u00f6rening. Du kan l\u00e4sa mer om LAC och dess initiativ i ett tidigare blogginl\u00e4gg <a href=\"https:\/\/casa-amendoeira.com\/sv\/lac-laboratorio-de-actividades-criativas-ett-nav-for-konstnarlig-uppfinningsrikedom-i-lagos\/\">h\u00e4r<\/a>.<\/p>\n\n\n\n<figure class=\"wp-block-gallery has-nested-images columns-default is-cropped wp-block-gallery-1 is-layout-flex wp-block-gallery-is-layout-flex\">\n<figure class=\"wp-block-image size-large\"><img decoding=\"async\" width=\"900\" height=\"1200\" data-id=\"3465\" src=\"https:\/\/casa-amendoeira.com\/wp-content\/uploads\/2023\/07\/2023-06-24-20.02.03-1500-900x1200.jpg\" alt=\"L\u00e4sa b\u00f6cker i Lagos\" class=\"wp-image-3465\" title=\"\"><\/figure>\n\n\n\n<figure class=\"wp-block-image size-large\"><img decoding=\"async\" width=\"900\" height=\"1200\" data-id=\"3464\" src=\"https:\/\/casa-amendoeira.com\/wp-content\/uploads\/2023\/07\/2023-06-24-20.03.11-1500-900x1200.jpg\" alt=\"Fotorealistisk konst i Lagos\" class=\"wp-image-3464\" title=\"\"><\/figure>\n\n\n\n<figure class=\"wp-block-image size-large\"><img decoding=\"async\" width=\"900\" height=\"1200\" data-id=\"3466\" src=\"https:\/\/casa-amendoeira.com\/wp-content\/uploads\/2023\/07\/2023-06-24-20.03.54-1500-900x1200.jpg\" alt=\"Typografi i den historiska stadsk\u00e4rnan i Lagos\" class=\"wp-image-3466\" title=\"\"><\/figure>\n\n\n\n<figure class=\"wp-block-image size-large\"><img decoding=\"async\" width=\"900\" height=\"1200\" data-id=\"3467\" src=\"https:\/\/casa-amendoeira.com\/wp-content\/uploads\/2023\/07\/2023-07-01-11.55.29-1500-900x1200.jpg\" alt=\"Minimalism i Lagos\" class=\"wp-image-3467\" title=\"\"><\/figure>\n\n\n\n<figure class=\"wp-block-image size-large\"><img decoding=\"async\" width=\"900\" height=\"1200\" data-id=\"3468\" src=\"https:\/\/casa-amendoeira.com\/wp-content\/uploads\/2023\/07\/2023-07-01-12.16.20-1500-900x1200.jpg\" alt=\"Ett brett spektrum av graffitis\" class=\"wp-image-3468\" title=\"\"><\/figure>\n<\/figure>\n\n\n\n<p>Graffitin och gatukonsten i Lagos \u00e4r lika varierande som de konstn\u00e4rer som skapar dem. Fr\u00e5n abstrakta m\u00f6nster till realistiska portr\u00e4tt, fr\u00e5n politiska uttalanden till nyckfulla varelser - varje verk \u00e4r ett unikt uttryck f\u00f6r kreativitet. Dessa verk f\u00f6rsk\u00f6nar inte bara stadsbilden utan skapar ocks\u00e5 dialog, inspirerar till eftertanke och utmanar samh\u00e4llets normer.<\/p>\n\n\n\n<p>Som bes\u00f6kare kommer du att uppt\u00e4cka att dessa konstverk ger en unik dimension till din uppt\u00e4cktsf\u00e4rd i staden. De f\u00f6rvandlar varje promenad till en uppslukande kulturell upplevelse, eftersom du m\u00f6ter dessa anm\u00e4rkningsv\u00e4rda konstverk i varje v\u00e4ndning. Gl\u00f6m inte att ta med kameran, f\u00f6r du kommer s\u00e4kert att vilja f\u00e5nga sk\u00f6nheten och kreativiteten i dessa offentliga konstverk.<\/p>\n\n\n\n<figure class=\"wp-block-gallery has-nested-images columns-default is-cropped wp-block-gallery-2 is-layout-flex wp-block-gallery-is-layout-flex\">\n<figure class=\"wp-block-image size-large\"><img decoding=\"async\" width=\"900\" height=\"1200\" data-id=\"3469\" src=\"https:\/\/casa-amendoeira.com\/wp-content\/uploads\/2023\/07\/2023-07-02-11.50.21-1500-900x1200.jpg\" alt=\"Starka f\u00e4rger och f\u00e4rgstarka motiv\" class=\"wp-image-3469\" title=\"\"><\/figure>\n\n\n\n<figure class=\"wp-block-image size-large\"><img decoding=\"async\" width=\"900\" height=\"1200\" data-id=\"3470\" src=\"https:\/\/casa-amendoeira.com\/wp-content\/uploads\/2023\/07\/2023-07-02-11.51.29-1500-900x1200.jpg\" alt=\"N\u00e4ra till Beans &amp; Burritos\" class=\"wp-image-3470\" title=\"\"><\/figure>\n\n\n\n<figure class=\"wp-block-image size-large\"><img decoding=\"async\" width=\"900\" height=\"1200\" data-id=\"3472\" src=\"https:\/\/casa-amendoeira.com\/wp-content\/uploads\/2023\/07\/2023-07-02-12.09.55-1500-900x1200.jpg\" alt=\"Den h\u00e4r \u00e4r liten, men vacker.\" class=\"wp-image-3472\" title=\"\"><\/figure>\n\n\n\n<figure class=\"wp-block-image size-large\"><img decoding=\"async\" width=\"1200\" height=\"900\" data-id=\"3471\" src=\"https:\/\/casa-amendoeira.com\/wp-content\/uploads\/2023\/07\/2023-07-02-12.12.30-1500-1200x900.jpg\" alt=\"Sniglarna i The Garden.\" class=\"wp-image-3471\" title=\"\"><\/figure>\n\n\n\n<figure class=\"wp-block-image size-large\"><img decoding=\"async\" width=\"900\" height=\"1200\" data-id=\"3473\" src=\"https:\/\/casa-amendoeira.com\/wp-content\/uploads\/2023\/07\/2023-07-07-17.47.12-1500-900x1200.jpg\" alt=\"En klassiker!\" class=\"wp-image-3473\" title=\"\"><\/figure>\n<\/figure>\n\n\n\n<p>Tack till Sandra W. f\u00f6r att jag fick anv\u00e4nda hennes bilder till den h\u00e4r artikeln! Fantastiskt \u00f6ga!<\/p>","protected":false},"excerpt":{"rendered":"<p>If you&#8217;re planning a visit to the historic city of Lagos, Portugal, prepare to be captivated by more than just its beautiful beaches and charming old town. Lagos is a city that wears its art on its sleeve, or more accurately, on its walls. The city&#8217;s vibrant graffiti and street art scene is a must-see [&hellip;]<\/p>\n","protected":false},"author":1,"featured_media":3471,"comment_status":"closed","ping_status":"open","sticky":false,"template":"","format":"standard","meta":{"footnotes":""},"categories":[388,393],"tags":[397],"class_list":["post-3463","post","type-post","status-publish","format-standard","has-post-thumbnail","hentry","category-art","category-lagos","tag-grafitti"],"_links":{"self":[{"href":"https:\/\/casa-amendoeira.com\/sv\/wp-json\/wp\/v2\/posts\/3463","targetHints":{"allow":["GET"]}}],"collection":[{"href":"https:\/\/casa-amendoeira.com\/sv\/wp-json\/wp\/v2\/posts"}],"about":[{"href":"https:\/\/casa-amendoeira.com\/sv\/wp-json\/wp\/v2\/types\/post"}],"author":[{"embeddable":true,"href":"https:\/\/casa-amendoeira.com\/sv\/wp-json\/wp\/v2\/users\/1"}],"replies":[{"embeddable":true,"href":"https:\/\/casa-amendoeira.com\/sv\/wp-json\/wp\/v2\/comments?post=3463"}],"version-history":[{"count":0,"href":"https:\/\/casa-amendoeira.com\/sv\/wp-json\/wp\/v2\/posts\/3463\/revisions"}],"wp:featuredmedia":[{"embeddable":true,"href":"https:\/\/casa-amendoeira.com\/sv\/wp-json\/wp\/v2\/media\/3471"}],"wp:attachment":[{"href":"https:\/\/casa-amendoeira.com\/sv\/wp-json\/wp\/v2\/media?parent=3463"}],"wp:term":[{"taxonomy":"category","embeddable":true,"href":"https:\/\/casa-amendoeira.com\/sv\/wp-json\/wp\/v2\/categories?post=3463"},{"taxonomy":"post_tag","embeddable":true,"href":"https:\/\/casa-amendoeira.com\/sv\/wp-json\/wp\/v2\/tags?post=3463"}],"curies":[{"name":"wp","href":"https:\/\/api.w.org\/{rel}","templated":true}]}}