{"id":4122,"date":"2025-01-16T21:05:24","date_gmt":"2025-01-16T19:05:24","guid":{"rendered":"https:\/\/casa-amendoeira.com\/?p=4122"},"modified":"2026-01-05T15:25:37","modified_gmt":"2026-01-05T13:25:37","slug":"den-ultimata-packlistan-for-din-vistelse-i-semesterhus-i-lagos","status":"publish","type":"post","link":"https:\/\/casa-amendoeira.com\/sv\/the-ultimate-packing-list-for-your-holiday-home-stay-in-lagos\/","title":{"rendered":"Den ultimata packlistan f\u00f6r din vistelse i semesterhuset i Lagos"},"content":{"rendered":"<div class=\"et_pb_section_0 et_pb_section et_section_regular et_block_section\"><div class=\"et_pb_row_0 et_pb_row et_block_row\"><div class=\"et_pb_column_0 et_pb_column et_pb_column_4_4 et-last-child et_block_column et_pb_css_mix_blend_mode_passthrough\"><div class=\"et_pb_text_0 et_pb_text et_pb_bg_layout_light et_pb_module et_block_module\"><div class=\"et_pb_text_inner\"><h1>Den ultimata packlistan f\u00f6r din vistelse i semesterhuset i Lagos<\/h1>\n<h2>Introduktion: Varf\u00f6r packning \u00e4r halva n\u00f6jet<\/h2>\n<p>L\u00e5t oss inse det - att packa f\u00f6r din semester i Lagos, Portugal handlar inte bara om att stoppa kl\u00e4der i en resv\u00e4ska. Det \u00e4r \u00f6gonblicket d\u00e5 dina semesterdr\u00f6mmar b\u00f6rjar bli verklighet! Oavsett om du planerar att koppla av vid den privata poolen p\u00e5 Casa Amendoeira eller njuta av utsikten \u00f6ver kusten fr\u00e5n Casinha Canal, kommer du att f\u00e5 det perfekta \u00e4ventyret i Algarvian om du packar r\u00e4tt.<\/p>\n<h2>Viktiga saker att packa f\u00f6r sommaren p\u00e5 semestern i Lagos<\/h2>\n<h3>Baddr\u00e4kter och solskyddsmedel: Gl\u00f6m inte SPF 50!<\/h3>\n<p>Algarve har \u00f6ver 300 soldagar per \u00e5r, och \u00e4ven om den gyllene portugisiska solen \u00e4r h\u00e4rlig, betyder den ocks\u00e5 aff\u00e4rer. Packa ner minst tv\u00e5 baddr\u00e4kter (lita p\u00e5 oss, ingen tycker om att dra p\u00e5 sig en fuktig baddr\u00e4kt) och tillr\u00e4ckligt med solskyddsmedel f\u00f6r att sm\u00f6rja in en liten arm\u00e9. Ditt framtida jag kommer att tacka dig n\u00e4r du inte g\u00f6r ditt b\u00e4sta intryck av en nykokt lagosta (det \u00e4r portugisiska f\u00f6r hummer).<\/p>\n<h3>Strandhanddukar: F\u00f6r att sand inte \u00e4r din v\u00e4n<\/h3>\n<p>Goda nyheter - du kan l\u00e4mna de skrymmande strandhanddukarna hemma! Vi tillhandah\u00e5ller en komplett upps\u00e4ttning strandhanddukar f\u00f6r v\u00e5ra g\u00e4ster, s\u00e5 att du kan spara det v\u00e4rdefulla resv\u00e4skutrymmet f\u00f6r souvenirer. V\u00e5ra fluffiga strandhanddukar \u00e4r perfekta f\u00f6r att h\u00e4vda din plats p\u00e5 Porto de M\u00f3s strand eller skydda din solstol vid poolen fr\u00e5n de l\u00f6mska vattendropparna. Dessutom \u00e4r de utm\u00e4rkta improviserade picknickfiltar f\u00f6r att titta p\u00e5 solnedg\u00e5ngen vid Ponta da Piedade.<\/p>\n<h3>Flip-Flops: De officiella skorna f\u00f6r semestervibbar<\/h3>\n<p>Inget s\u00e4ger \"jag \u00e4r p\u00e5 semester\" som ljudet av flip-flops som smattrar mot dina klackar. De \u00e4r perfekta f\u00f6r att plaska runt i semesterhusets pool, f\u00f6r en snabb tur till den lokala marknaden eller f\u00f6r de d\u00e4r oundvikliga \"jag m\u00e5ste bara ta ett foto till\"-\u00f6gonblicken p\u00e5 Lagos Marina.<\/p>\n<h3>L\u00e4ttviktskl\u00e4der: Luftiga tyger f\u00f6r att njuta av solen<\/h3>\n<p>T\u00e4nk luftiga bomullskl\u00e4nningar, l\u00f6sa linneskjortor och shorts som inte fastnar. Sommartemperaturerna i Lagos kan vara skyh\u00f6ga, men b\u00e5de Casa Amendoeira och Casinha Canal erbjuder perfekta luftkonditionerade frist\u00e4der n\u00e4r du beh\u00f6ver svalka dig.<\/p>\n<h3>Uppbl\u00e5sbara flott\u00f6rer: F\u00f6r seri\u00f6s avkoppling vid poolen<\/h3>\n<p>Visst, du kan simma varv i poolen. Eller s\u00e5 kan du flyta runt p\u00e5 en gigantisk enh\u00f6rning medan du smuttar p\u00e5 en lokalt producerad vinho verde. Vi vet vilket alternativ som skriker \"semester\" h\u00f6gst!<\/p>\n<h3>Snorklingsutrustning: Kanalisera din inre Aquaman eller sj\u00f6jungfru<\/h3>\n<p>Algarves or\u00f6rda vatten kryllar av marint liv. Packa ner en mask och snorkel f\u00f6r att utforska den dolda undervattensv\u00e4rlden runt Lagos ber\u00f6mda grottor och str\u00e4nder. Och om du k\u00e4nner dig mer \u00e4ventyrlig kan du hyra professionell dykutrustning direkt p\u00e5 Lagos Marina - de har allt fr\u00e5n syrgastuber till v\u00e5tdr\u00e4kter f\u00f6r dem som vill dyka djupare in i Algarves undervattensskatter.<\/p>\n<h3>Spel p\u00e5 stranden: H\u00e5ll din t\u00e4vlingsanda vid liv<\/h3>\n<p>Fr\u00e5n frisbees till paddelbollar, inget f\u00f6r samman semesterg\u00e4nget som en lite t\u00e4vlingsinriktad match p\u00e5 Meia Praia-stranden. F\u00f6rs\u00f6k bara att inte g\u00e5 f\u00f6r l\u00e5ngt - ingen gillar den som f\u00f6rvandlar strandcricket till olympiska spelen. H\u00e4r \u00e4r ett litet insidertips: v\u00e5ra underbara g\u00e4ster l\u00e4mnar ofta kvar sina strandleksaker s\u00e5 att framtida bes\u00f6kare kan njuta av dem, s\u00e5 du kan ha tur och hitta en skattkista med strandspel som redan v\u00e4ntar p\u00e5 Casa Amendoeira eller Casinha Canal. Allt \u00e4r en del av v\u00e5r lilla semesterhusgemenskapsanda!<\/p>\n<\/div><\/div><div class=\"et_pb_text_1 et_pb_text et_pb_bg_layout_light et_pb_module et_block_module\"><div class=\"et_pb_text_inner\"><h2>Viktiga vinterf\u00f6rpackningar f\u00f6r din semester i Lagos<\/h2>\n<h3>Kl\u00e4der i lager: Konsten att frysa p\u00e5 ett moderiktigt s\u00e4tt<\/h3>\n<p>Vintern i Lagos \u00e4r mild j\u00e4mf\u00f6rt med norra Europa, men du beh\u00f6ver \u00e4nd\u00e5 l\u00e4ra dig konsten att b\u00e4ra lager p\u00e5 lager. T\u00e4nk l\u00e4tta tr\u00f6jor, cardigans och den d\u00e4r jackan som du brukar reservera f\u00f6r \"lite kyliga\" sommarkv\u00e4llar hemma.<\/p>\n<h3>Varma tillbeh\u00f6r: M\u00f6ssor, halsdukar och handskar f\u00f6r mild kyla<\/h3>\n<p>Algarves vintersol kan vara bedr\u00e4glig - ena stunden solar du dig i v\u00e4rmen, n\u00e4sta stund str\u00e4cker du dig efter din halsduk. Packa l\u00e4tta lager som enkelt kan l\u00e4ggas till eller tas bort n\u00e4r du g\u00e5r fr\u00e5n soliga strandpromenader till middagar p\u00e5 terrassen p\u00e5 kv\u00e4llen.<\/p>\n<p>H\u00e4r \u00e4r en rolig historia: N\u00e4r vi f\u00f6rst bes\u00f6kte Sagres (den v\u00e4stligaste punkten i Algarve) kunde vi inte l\u00e5ta bli att skratta \u00e5t alla b\u00e5s som s\u00e5lde ullm\u00f6ssor och halsdukar. Jag menar, kom igen - vi \u00e4r i Portugal, eller hur? Landet med den o\u00e4ndliga sommaren? Tja, efter att ha l\u00e4mnat v\u00e5r mysiga bil och sett solen sakta f\u00f6rsvinna vid horisonten, gissa vilka som var de stolta nya \u00e4garna av n\u00e5gra varma accessoarer? De lokala leverant\u00f6rerna hade definitivt det sista skrattet! Lita p\u00e5 oss - \u00e4ven i Algarve beh\u00f6ver man ibland kl\u00e4 p\u00e5 sig lite mer.<\/p>\n<h3>Bekv\u00e4ma skor: F\u00f6r uppt\u00e4cktsf\u00e4rder utan att tappa en t\u00e5<\/h3>\n<p>Vintern \u00e4r den perfekta tiden att utforska Lagos historiska centrum och kustn\u00e4ra stigar. Packa ner bekv\u00e4ma promenadskor som klarar b\u00e5de kullerstensgator och natursk\u00f6na klippvandringar.<\/p>\n<h3>B\u00e4rbar laddare: F\u00f6r vinterns Instagram-\u00f6gonblick<\/h3>\n<p>Vintern f\u00f6r med sig dramatiska himlar och fantastiska solnedg\u00e5ngar som \u00e4r om\u00f6jliga att inte fotografera. H\u00e5ll dina enheter laddade s\u00e5 att du kan f\u00e5nga de magiska \u00f6gonblicken n\u00e4r solen bryter igenom molnen \u00f6ver Atlanten.<\/p>\n<h3>B\u00f6cker eller e-l\u00e4sare: Perfekt f\u00f6r avkoppling vid brasan<\/h3>\n<p>B\u00e5da v\u00e5ra semesterhus erbjuder mysiga utrymmen som \u00e4r perfekta f\u00f6r att kura ihop sig med en god bok. Vinterkv\u00e4llar i Lagos \u00e4r som gjorda f\u00f6r att komma ikapp med din l\u00e4slista medan du lyssnar p\u00e5 det avl\u00e4gsna ljudet av v\u00e5gor.<\/p>\n<\/div><\/div><div class=\"et_pb_text_2 et_pb_text et_pb_bg_layout_light et_pb_module et_block_module\"><div class=\"et_pb_text_inner\"><h2>Roliga f\u00f6rem\u00e5l som du inte visste att du beh\u00f6vde<\/h2>\n<h3>Resekudde: F\u00f6r att sova som ett proffs<\/h3>\n<p>\u00c4ven om v\u00e5ra hus \u00e4r fullt utrustade med alla sk\u00f6na kuddar du beh\u00f6ver f\u00f6r en perfekt natts s\u00f6mn, rekommenderar vi starkt att du tar med en resekudde till din resa till Lagos. Den kommer att g\u00f6ra de \"mysiga\" flygplansstolarna (du vet, de som \u00e4r designade av n\u00e5gon som uppenbarligen aldrig flugit ekonomi) eller l\u00e5nga bussresor lite mer uth\u00e4rdliga. Och med \"n\u00e5got mer uth\u00e4rdligt\" menar vi skillnaden mellan att komma fram med eller utan en krokig nacke. F\u00f6r l\u00e5t oss inse det - om vi anv\u00e4nder ord som \"njutbar\" f\u00f6r att beskriva moderna flygresor kanske vi t\u00e4njer p\u00e5 sanningen en aning!<\/p>\n<h3>B\u00e4rbar h\u00f6gtalare: F\u00f6r att slappa \u00e4r b\u00e4ttre med musik<\/h3>\n<p>Skapa ditt perfekta soundtrack f\u00f6r semestern - kom bara ih\u00e5g att alla inte delar din \"nya\" passion f\u00f6r portugisisk fado klockan 7 p\u00e5 morgonen.<\/p>\n<h3>J\u00e4ttelika solglas\u00f6gon: F\u00f6r maximal semesterdramatik<\/h3>\n<p>Perfekta f\u00f6r att d\u00f6lja \u00f6gon efter sangria eller f\u00f6r att l\u00e5tsas vara inkognito n\u00e4r du tittar p\u00e5 folk i Lagos Marina. Dessutom f\u00e5r de varje selfie att se mystiskt glamor\u00f6s ut. \u00c4ven om Lagos har ungef\u00e4r tusen sm\u00e5 butiker som s\u00e4ljer solglas\u00f6gon (vi kanske \u00f6verdriver, men bara lite), plus riktiga Oculistas (optiker) som erbjuder mer avancerade alternativ fr\u00e5n 5 \u20ac till 500 \u20ac, rekommenderar vi att du packar ner dina p\u00e5litliga par. Lita p\u00e5 oss, i Algarves sol kommer du att b\u00e4ra solglas\u00f6gon oftare \u00e4n inte, och ibland vill du ha olika par f\u00f6r stranden, staden och middagen - f\u00f6r semestermode \u00e4r seri\u00f6s verksamhet! T\u00e4nk p\u00e5 dina packade par som en s\u00e4kerhetskopia tills du oundvikligen grottar in och k\u00f6per de eleganta portugisiska nyanser som du har tittat p\u00e5 i gamla stan.<\/p>\n<h3>Snacks f\u00f6r n\u00f6dsituationer: Ett m\u00e5ste f\u00f6r alla resen\u00e4rer<\/h3>\n<p>L\u00e5t oss prata om matpriserna p\u00e5 flygplatserna - allvarligt talat, n\u00e4r b\u00f6rjade en sm\u00f6rg\u00e5s kosta lika mycket som en liten bil? R\u00e4dda dig sj\u00e4lv fr\u00e5n de i\u00f6gonfallande priserna p\u00e5 flygplats- och flygplansmat genom att packa dina egna snacks f\u00f6r resan. Det \u00e4r bara n\u00e5gra timmars resa, och de euro du sparar kan spenderas mycket b\u00e4ttre p\u00e5 Lagos fantastiska restauranger eller p\u00e5 de snygga portugisiska solglas\u00f6gonen som vi n\u00e4mnde ovan (s\u00e5g du vad vi gjorde d\u00e4r?). Men n\u00e4r du v\u00e4l har uppt\u00e4ckt past\u00e9is de nata kan ditt n\u00f6df\u00f6rr\u00e5d \u00e4nd\u00e5 f\u00f6rbli or\u00f6rt - men \u00e5tminstone betalar du inte flygplatspriser f\u00f6r privilegiet att vara hungrig!<\/p>\n<\/div><\/div><div class=\"et_pb_text_3 et_pb_text et_pb_bg_layout_light et_pb_module et_block_module\"><div class=\"et_pb_text_inner\"><h3>Nya T-shirts: De ostlikaste souvenirerna<\/h3>\n<p>Omfamna turistst\u00e4mningen med dessa h\u00e4rligt t\u00f6ntiga t-shirts. Oavsett om det \u00e4r den klassiska \"I <span style=\"color: red;\">\u2764 <\/span> Lagos\" (b\u00e4r den ironiskt om du m\u00e5ste, men vi vet att du \u00e4lskar den i hemlighet), \"Sun, Sea &amp; Sagres\", \"Portugal is Port-ugal!\", \"Got Past\u00e9is?\" eller den st\u00e4ndigt popul\u00e4ra \"Keep Calm and Eat Bacalhau\" - det finns n\u00e5got underbart hemskt f\u00f6r alla. V\u00e5r personliga favorit? \"Jag kom till Lagos f\u00f6r str\u00e4nderna men stannade f\u00f6r vinet\" - f\u00f6r \u00e4rligt talat, var finns l\u00f6gnen? De h\u00e4r tr\u00f6jorna kanske f\u00e5r dina modeintresserade v\u00e4nner att rysa, men de \u00e4r perfekta f\u00f6r de d\u00e4r \"Ja, jag \u00e4r p\u00e5 semester och jag bryr mig inte\"-stunderna.<\/p>\n<h3>Resedagbok: F\u00f6r att dokumentera dina storslagna \u00e4ventyr<\/h3>\n<p>Visst, din telefon kan rymma tusentals foton, men det finns n\u00e5got magiskt med att f\u00f6ra en riktig resedagbok. T\u00e4nk dig att skriva \"K\u00e4ra dagbok, idag uppn\u00e5dde jag det perfekta f\u00f6rh\u00e5llandet mellan pool och strand\" eller \"Notering till mig sj\u00e4lv: Portugisiskt kaffe \u00e4r STARKT!\" medan du slappar p\u00e5 din terrass p\u00e5 Casa Amendoeira. Skippa de generiska \"Idag \u00e5kte jag till...\"-inl\u00e4ggen och var kreativ - pressa blommor fr\u00e5n din promenad till Ponta da Piedade, spara kvittot fr\u00e5n den lilla restaurangen d\u00e4r du \u00e5t den b\u00e4sta cataplanan n\u00e5gonsin (men inte kan uttala namnet), eller skissa den lata geckon som solar p\u00e5 din v\u00e4gg. L\u00e4gg till biljettstubbar fr\u00e5n b\u00e5tturer, klotter av de lokala katterna som blev v\u00e4n med dig eller det cocktailrecept som den v\u00e4nliga bartendern p\u00e5 marinan delade med sig av.<\/p>\n<p>Din dagbok kanske b\u00f6rjar som en resedagbok men kommer att sluta som en skattkista av minnen: namnet p\u00e5 den perfekta lilla stranden du uppt\u00e4ckte (var det Praia do Camilo eller Praia Dona Ana?), den hemliga ingrediensen i grannens apelsinkaka eller det roliga samtalet med den lokala fiskaren som l\u00e4rde dig hur man s\u00e4ger \"en \u00f6l till, tack\" p\u00e5 portugisiska. Och under regniga dagar hemma finns det inget b\u00e4ttre \u00e4n att \u00f6ppna din lite sandiga, vinfl\u00e4ckiga dagbok och f\u00f6rflyttas tillbaka till dina soldr\u00e4nkta Lagos-\u00e4ventyr. Kom bara ih\u00e5g att l\u00e4mna n\u00e5gra tomma sidor - du kommer definitivt att komma tillbaka!<\/p>\n<h2>Slutsats: F\u00e5 ut det mesta av din semester i Lagos<\/h2>\n<p>Oavsett om du kopplar av i mysiga Casinha Canal eller tittar p\u00e5 solnedg\u00e5ngen fr\u00e5n Casa Amendoeira:s terrass kommer din semester i Lagos att bli \u00e4nnu mer minnesv\u00e4rd om du har r\u00e4tt saker packade. Kom ih\u00e5g att det b\u00e4sta du kan packa \u00e4r din k\u00e4nsla f\u00f6r \u00e4ventyr - och kanske en extra tom v\u00e4ska f\u00f6r alla de portugisiska marknadsfynd som du inte kommer att kunna motst\u00e5.<\/p>\n<p>\u00c4r du redo att b\u00f6rja packa f\u00f6r din perfekta semester i Lagos? Boka din vistelse p\u00e5 <a href=\"https:\/\/casa-amendoeira.com\/sv\/semesterhus-lagos\/\">Casa Amendoeira<\/a> eller <a href=\"https:\/\/casa-amendoeira.com\/sv\/semesterhus-algarve\/\">Casinha-kanalen<\/a> och b\u00f6rja planera ditt ultimata Algarve-\u00e4ventyr!<\/p>\n<\/div><\/div><\/div><\/div><\/div>","protected":false},"excerpt":{"rendered":"","protected":false},"author":1,"featured_media":801,"comment_status":"closed","ping_status":"open","sticky":false,"template":"","format":"standard","meta":{"footnotes":""},"categories":[1],"tags":[],"class_list":["post-4122","post","type-post","status-publish","format-standard","has-post-thumbnail","hentry","category-allgemein"],"_links":{"self":[{"href":"https:\/\/casa-amendoeira.com\/sv\/wp-json\/wp\/v2\/posts\/4122","targetHints":{"allow":["GET"]}}],"collection":[{"href":"https:\/\/casa-amendoeira.com\/sv\/wp-json\/wp\/v2\/posts"}],"about":[{"href":"https:\/\/casa-amendoeira.com\/sv\/wp-json\/wp\/v2\/types\/post"}],"author":[{"embeddable":true,"href":"https:\/\/casa-amendoeira.com\/sv\/wp-json\/wp\/v2\/users\/1"}],"replies":[{"embeddable":true,"href":"https:\/\/casa-amendoeira.com\/sv\/wp-json\/wp\/v2\/comments?post=4122"}],"version-history":[{"count":14,"href":"https:\/\/casa-amendoeira.com\/sv\/wp-json\/wp\/v2\/posts\/4122\/revisions"}],"predecessor-version":[{"id":4212,"href":"https:\/\/casa-amendoeira.com\/sv\/wp-json\/wp\/v2\/posts\/4122\/revisions\/4212"}],"wp:featuredmedia":[{"embeddable":true,"href":"https:\/\/casa-amendoeira.com\/sv\/wp-json\/wp\/v2\/media\/801"}],"wp:attachment":[{"href":"https:\/\/casa-amendoeira.com\/sv\/wp-json\/wp\/v2\/media?parent=4122"}],"wp:term":[{"taxonomy":"category","embeddable":true,"href":"https:\/\/casa-amendoeira.com\/sv\/wp-json\/wp\/v2\/categories?post=4122"},{"taxonomy":"post_tag","embeddable":true,"href":"https:\/\/casa-amendoeira.com\/sv\/wp-json\/wp\/v2\/tags?post=4122"}],"curies":[{"name":"wp","href":"https:\/\/api.w.org\/{rel}","templated":true}]}}